{"id":192,"date":"2012-09-10T00:13:49","date_gmt":"2012-09-10T00:13:49","guid":{"rendered":"http:\/\/www.encontracampogranderj.com.br\/noticias\/?p=192"},"modified":"2013-08-15T17:07:54","modified_gmt":"2013-08-15T17:07:54","slug":"campo-grande-e-ate-agora-a-campea-em-oferta-de-vagas-de-hospedagem-para-a-jornada-mundial-da-juventude","status":"publish","type":"post","link":"https:\/\/www.encontracampogranderj.com.br\/noticias\/campo-grande-e-ate-agora-a-campea-em-oferta-de-vagas-de-hospedagem-para-a-jornada-mundial-da-juventude\/","title":{"rendered":"Campo Grande \u00e9, at\u00e9 agora, a campe\u00e3 em oferta de vagas de hospedagem para a Jornada Mundial da Juventude"},"content":{"rendered":"<p>O maior n\u00famero de casas cadastradas para hospedar os peregrinos que desembarcar\u00e3o no Rio para a Jornada Mundial da Juventude fica na Zona Oeste do Rio de Janeiro. S\u00e3o 955 casas que, num sentimento crist\u00e3o, oferecer\u00e3o n\u00e3o s\u00f3 abrigo, mas o p\u00e3o de cada dia a pessoas de todo o mundo. A refei\u00e7\u00e3o matinal, bem como o almo\u00e7o e o jantar de dois milh\u00f5es de pessoas, ficar\u00e1 a cargo da Jornada Mundial da Juventude, o\u00a0evento cat\u00f3lico que j\u00e1 criou 75 mil vagas de hospedagem em casas de fam\u00edlias cariocas e em institui\u00e7\u00f5es p\u00fablicas e privadas.<\/p>\n<p>Segundo a organiza\u00e7\u00e3o do evento, a maioria, por enquanto, est\u00e1 na Zona Oeste do Rio. Tr\u00eas delas, para homens, est\u00e3o em um quarto vago no Conjunto Campinho, em Campo Grande. S\u00e3o para os \u201cfilhos\u201d que a dona de casa Rosane Braga, de 49 anos, se prop\u00f4s a receber durante o evento, entre os dias 23 e 28 de julho do ano que vem.<\/p>\n<p>&#8211; Vou receb\u00ea-los como filhos. E ter\u00e3o liberdade aqui dentro: podem mexer na geladeira, ir no quintal \u00e0 vontade. Sei que n\u00e3o preciso me preocupar com a alimenta\u00e7\u00e3o deles, mas quero oferecer um cafezinho de manh\u00e3 e deixar sandu\u00edches e salgadinhos prontos para a madrugada &#8211; adianta ela, casada com o cortador de m\u00e1rmore Ary de Assis e m\u00e3e de Davidson Assis.<\/p>\n<p>J\u00e1 na casa de mais de seis c\u00f4modos do mec\u00e2nico industrial Leandro Nunes Sales, de 44 anos, em Guaratiba, ficar\u00e3o cinco peregrinas.<\/p>\n<p>&#8211; O banheiro do primeiro andar ser\u00e1 exclusivo das meninas. Vou revezar o banheiro de cima com a minha mulher e o meu filho, pois tamb\u00e9m vamos participar da jornada &#8211; planeja ele.<\/p>\n<p>J\u00e1 em Sepetiba, na casa da funcion\u00e1ria p\u00fablica Selma de Souza, de 53 anos, vai ter at\u00e9 plant\u00e3o 24 horas para orientar os 20 volunt\u00e1rios que receber\u00e1. No caso deles, o caf\u00e9 e o almo\u00e7o acontecem na hospedagem, ela conta.<\/p>\n<p>&#8211; Devemos fazer uma escala ou deixar um parente aqui. Eu, meu marido e minha filha tamb\u00e9m somos volunt\u00e1rios &#8211; conta.<\/p>\n<p>A jornada dispensa a preocupa\u00e7\u00e3o com quartos ou colch\u00f5es. \u00c9 que o peregrino j\u00e1 tem o esp\u00edrito do mochil\u00e3o e do saco de dormir, informa a irm\u00e3 Gra\u00e7a Maria, diretora executiva de hospedagem da jornada.<\/p>\n<p>&#8211; Basta ter um lugar seguro, seco e fechado para o peregrino. Ele escolhe, se quiser, os pacotes de alimenta\u00e7\u00e3o e transporte &#8211; orienta.<\/p>\n<p>A popula\u00e7\u00e3o da Zona Oeste entendeu isso bem ao abrir as portas de suas casas.<\/p>\n<p>&#8211; \u00c9 que na regi\u00e3o h\u00e1 bastante locais de retiro, com muitas vagas &#8211; justifica.<\/p>\n<p>Confira a entrevista com Dom Orani Tempesta, arcebispo da Arquidiocese da cidade do Rio de Janeiro.<\/p>\n<p>O Arcebispo da Arquidiocese do Rio de Janeiro, Dom Orani Tempesta\u00a0Foto: Pedro Teixeira \/ Extra<\/p>\n<p><em>Qual a import\u00e2ncia da Jornada Mundial da Juventude?<\/em><\/p>\n<p>Os jovens s\u00e3o os protagonistas de hoje e de amanh\u00e3, s\u00e3o aqueles que v\u00e3o trabalhar e levar adiante toda uma sociedade, que t\u00eam uma grande miss\u00e3o nesse mundo de tantas mudan\u00e7as. Portanto, prestigiar a juventude do mundo todo, dizer que eles s\u00e3o importantes e que t\u00eam valores a transmitir, pode ajudar a mud\u00e1-lo para melhor. N\u00e3o interessa s\u00f3 \u00e0 igreja cat\u00f3lica e nem s\u00f3 ao Brasil. Interessa \u00e0 humanidade.<\/p>\n<p><em>Como ser\u00e1 a divis\u00e3o dos peregrinos nas casas?<\/em><\/p>\n<p>Haver\u00e1 toda uma divis\u00e3o idiom\u00e1tica para o Rio. Cada $\u00e3o ter\u00e1 uma l\u00edngua diferenciada para facilitar a pouca mobilidade (para as catequeses matinais que acontecer\u00e3o, por exemplo). Toda mesma l\u00edngua ficar\u00e1 em uma regi\u00e3o para que os encontros daquela l\u00edngua sejam feitos ali mesmo e n\u00e3o sejam necess\u00e1rios grandes deslocamentos nesse hor\u00e1rio. E para que os deslocamentos maiores sejam feitos nos momentos centrais (acolhida ao Papa e Via Sacra, ambos em Copacabana. E vig\u00edlia e missa de encerramento, ambos em bairro de Santa Cruz).<\/p>\n<p><em>Haver\u00e1 espa\u00e7o para a descontra\u00e7\u00e3o na jornada?<\/em><\/p>\n<p>Temos v\u00e1rios momentos $n\u00e3o s\u00e3o religiosos. Temos de levar em considera\u00e7\u00e3o a cultura dos outros povos que estar\u00e3o presentes. Como \u00e9 um encontro internacional, um encontro mundial, que acontece no Brasil, tem que ter a cara do Brasil, a cara carioca. Por\u00e9m, as interfaces devem existir.<\/p>\n<p><em>E como estar\u00e1 representada a \u201ccara carioca\u201d na Jornada Mundial da Juventude?<\/em><\/p>\n<p>Ainda n\u00e3o est\u00e1 nada definido. Haver\u00e1 27 palcos pela cidade e a\u00ed, ent\u00e3o, os estados v\u00e3o apresentar o seu jeito de ser. Os pa\u00edses tamb\u00e9m. Acho que nesses palcos, o Rio de Janeiro deve ter o seu jeito de ser. Isso veremos para o fim do ano.<\/p>\n<p><strong>A multiplica\u00e7\u00e3o da hospitalidade<\/strong><\/p>\n<p><em>190<\/em><\/p>\n<p>\u00c9 o n\u00famero de pa\u00edses, em m\u00e9dia, de onde s\u00e3o esperados os peregrinos.<\/p>\n<p><em>50 mil<\/em><\/p>\n<p>\u00c9 o n\u00famero de volunt\u00e1rios j\u00e1 inscritos da meta de 60 mil.<\/p>\n<p><em>14.399<\/em><\/p>\n<p>\u00c9 o n\u00famero de peregrinos que j\u00e1 est\u00e3o inscritos, vindos de 51 pa\u00edses.<\/p>\n<p><em>955<\/em><\/p>\n<p>S\u00e3o as casas oferecidas na \u00e1rea da Zona Oeste.<\/p>\n<p><em>929<\/em><\/p>\n<p>S\u00e3o as casas disponibilizadas na \u00e1rea identificada como Suburbano, de Anchieta a Quintino.<\/p>\n<p><em>334<\/em><\/p>\n<p>S\u00e3o as resid\u00eancias da Zona Sul do Rio de Janeiro cadastradas at\u00e9 agora.<\/p>\n<p><em>Fonte: Jornal Extra<\/em><\/p>\n","protected":false},"excerpt":{"rendered":"<p>O maior n\u00famero de casas cadastradas para hospedar os peregrinos que desembarcar\u00e3o no Rio para a Jornada Mundial da Juventude fica na Zona Oeste do Rio de Janeiro. S\u00e3o 955 casas que, num sentimento crist\u00e3o, oferecer\u00e3o n\u00e3o s\u00f3 abrigo, mas o p\u00e3o de cada dia a pessoas de todo o mundo. A refei\u00e7\u00e3o matinal, bem [&hellip;]<\/p>\n","protected":false},"author":1,"featured_media":0,"comment_status":"open","ping_status":"open","sticky":false,"template":"","format":"standard","meta":{"footnotes":""},"categories":[6],"tags":[15],"class_list":["post-192","post","type-post","status-publish","format-standard","hentry","category-noticias","tag-campo-grande-rj"],"_links":{"self":[{"href":"https:\/\/www.encontracampogranderj.com.br\/noticias\/wp-json\/wp\/v2\/posts\/192","targetHints":{"allow":["GET"]}}],"collection":[{"href":"https:\/\/www.encontracampogranderj.com.br\/noticias\/wp-json\/wp\/v2\/posts"}],"about":[{"href":"https:\/\/www.encontracampogranderj.com.br\/noticias\/wp-json\/wp\/v2\/types\/post"}],"author":[{"embeddable":true,"href":"https:\/\/www.encontracampogranderj.com.br\/noticias\/wp-json\/wp\/v2\/users\/1"}],"replies":[{"embeddable":true,"href":"https:\/\/www.encontracampogranderj.com.br\/noticias\/wp-json\/wp\/v2\/comments?post=192"}],"version-history":[{"count":8,"href":"https:\/\/www.encontracampogranderj.com.br\/noticias\/wp-json\/wp\/v2\/posts\/192\/revisions"}],"predecessor-version":[{"id":754,"href":"https:\/\/www.encontracampogranderj.com.br\/noticias\/wp-json\/wp\/v2\/posts\/192\/revisions\/754"}],"wp:attachment":[{"href":"https:\/\/www.encontracampogranderj.com.br\/noticias\/wp-json\/wp\/v2\/media?parent=192"}],"wp:term":[{"taxonomy":"category","embeddable":true,"href":"https:\/\/www.encontracampogranderj.com.br\/noticias\/wp-json\/wp\/v2\/categories?post=192"},{"taxonomy":"post_tag","embeddable":true,"href":"https:\/\/www.encontracampogranderj.com.br\/noticias\/wp-json\/wp\/v2\/tags?post=192"}],"curies":[{"name":"wp","href":"https:\/\/api.w.org\/{rel}","templated":true}]}}